{"id":1854,"date":"2017-10-26T09:16:51","date_gmt":"2017-10-26T09:16:51","guid":{"rendered":"http:\/\/www.rotarytm.ro\/?p=1854"},"modified":"2018-01-22T06:32:40","modified_gmt":"2018-01-22T06:32:40","slug":"ziua-austriei-ecoplus-international","status":"publish","type":"post","link":"https:\/\/www.rotarytm.ro\/?p=1854","title":{"rendered":"ZIUA AUSTRIEI  &#038; ECOPLUS INTERNA\u021aIONAL"},"content":{"rendered":"<p>ZIUA AUSTRIEI LA OPERA ROMANA DIN TIMISOARA<\/p>\n<p>Austria Inferioar\u0103 se poate prezenta acum, mai mult ca oric\u00e2nd, ca o regiune de export activ\u0103 \u0219i competitiv\u0103 din inima Europei. \u00cen acest sens, companiile na\u021bionale nu sunt l\u0103sate singure atunci c\u00e2nd p\u0103trund pe noi pie\u021be. ecoplus International este Agen\u021bia economic\u0103 a Landului Austria Inferioar\u0103, si ofer\u0103 sus\u021binere companiilor \u00een acest sens. O ofert\u0103 special\u0103 o reprezint\u0103 birourile din str\u0103in\u0103tate, precum cel din ora\u0219ul Timi\u0219oara, deschis \u00een martie 2007 \u2013 anul ader\u0103rii Rom\u00e2niei la UE.<\/p>\n<p><a href=\"http:\/\/www.rotarytm.ro\/wp-content\/uploads\/2018\/01\/Ziua-Austriei.jpg\"><img decoding=\"async\" class=\"size-medium wp-image-1932 alignleft\" src=\"http:\/\/www.rotarytm.ro\/wp-content\/uploads\/2018\/01\/Ziua-Austriei-300x151.jpg\" alt=\"\" width=\"300\" height=\"151\" srcset=\"https:\/\/www.rotarytm.ro\/wp-content\/uploads\/2018\/01\/Ziua-Austriei-300x151.jpg 300w, https:\/\/www.rotarytm.ro\/wp-content\/uploads\/2018\/01\/Ziua-Austriei.jpg 502w\" sizes=\"(max-width: 300px) 100vw, 300px\" \/><\/a>\u00cen cadrul unui eveniment de gal\u0103 organizat la Teatrul Na\u021bional din Timi\u0219oara, acest jubileu a fost s\u0103rb\u0103torit \u2013 odat\u0103 cu ziua na\u021bional\u0103 a Austriei \u2013 \u00een prezen\u021ba Ministrului Economiei al Landului Austria Inferioara, Petra Bohuslav, a ambasadorului austriac, Gerhard Reiweger, a consulului onorific al Austriei \u00een Timi\u0219oara, Vasile Onofrei, a directorului general ecoplus, Helmut Miernicki precum \u0219i a directorului general ecoplus International Romania, Daniel Marcu.<\/p>\n<p>Numeroase companii locale au dezvoltat rela\u021bii de cooperare de succes cu parteneri rom\u00e2ni \u00een ultimii zece ani. \u00cen fiecare an \u2013 \u0219i acest lucru pentru ultimii 10 ani \u2013 aproximativ 36 de companii noi din Austria Inferioar\u0103 s-au adresat biroului nostru din Timi\u0219oara pentru a fi sprijinite. Sunt convins c\u0103 Austria Inferioar\u0103 \u0219i Rom\u00e2nia vor continua s\u0103 extind\u0103 \u0219i s\u0103 aprofundeze rela\u021biile comerciale \u00een urm\u0103torii ani\u201d, declar\u0103 administratorul districtual Bohuslav, \u00eens\u0103rcinat cu economia.<\/p>\n<p><a href=\"http:\/\/www.ziuadevest.ro\/ecoplus-international-adus-10-ani-investitii-de-peste-15-milioane-de-euro-romania\/\">Ziua Austriei si ecoplus international.<\/a><\/p>\n","protected":false},"excerpt":{"rendered":"<p>ZIUA AUSTRIEI LA OPERA ROMANA DIN TIMISOARA Austria Inferioar\u0103 se poate prezenta acum, mai mult ca oric\u00e2nd, ca o regiune de export activ\u0103 \u0219i competitiv\u0103 din inima Europei. \u00cen acest sens, companiile na\u021bionale nu sunt l\u0103sate singure atunci c\u00e2nd p\u0103trund&hellip;<\/p>\n","protected":false},"author":1,"featured_media":0,"comment_status":"open","ping_status":"closed","sticky":false,"template":"","format":"standard","meta":{"footnotes":""},"categories":[18,19,30,11],"tags":[124,39,90,91],"class_list":["post-1854","post","type-post","status-publish","format-standard","hentry","category-actiuni","category-club","category-cultura","category-stiri","tag-ecoplus-international","tag-rotary-timisoara","tag-teatrul-national-din-timisoara","tag-ziua-nationala-a-austriei"],"_links":{"self":[{"href":"https:\/\/www.rotarytm.ro\/index.php?rest_route=\/wp\/v2\/posts\/1854","targetHints":{"allow":["GET"]}}],"collection":[{"href":"https:\/\/www.rotarytm.ro\/index.php?rest_route=\/wp\/v2\/posts"}],"about":[{"href":"https:\/\/www.rotarytm.ro\/index.php?rest_route=\/wp\/v2\/types\/post"}],"author":[{"embeddable":true,"href":"https:\/\/www.rotarytm.ro\/index.php?rest_route=\/wp\/v2\/users\/1"}],"replies":[{"embeddable":true,"href":"https:\/\/www.rotarytm.ro\/index.php?rest_route=%2Fwp%2Fv2%2Fcomments&post=1854"}],"version-history":[{"count":5,"href":"https:\/\/www.rotarytm.ro\/index.php?rest_route=\/wp\/v2\/posts\/1854\/revisions"}],"predecessor-version":[{"id":2098,"href":"https:\/\/www.rotarytm.ro\/index.php?rest_route=\/wp\/v2\/posts\/1854\/revisions\/2098"}],"wp:attachment":[{"href":"https:\/\/www.rotarytm.ro\/index.php?rest_route=%2Fwp%2Fv2%2Fmedia&parent=1854"}],"wp:term":[{"taxonomy":"category","embeddable":true,"href":"https:\/\/www.rotarytm.ro\/index.php?rest_route=%2Fwp%2Fv2%2Fcategories&post=1854"},{"taxonomy":"post_tag","embeddable":true,"href":"https:\/\/www.rotarytm.ro\/index.php?rest_route=%2Fwp%2Fv2%2Ftags&post=1854"}],"curies":[{"name":"wp","href":"https:\/\/api.w.org\/{rel}","templated":true}]}}