{"id":1834,"date":"2017-10-03T08:51:25","date_gmt":"2017-10-03T08:51:25","guid":{"rendered":"http:\/\/www.rotarytm.ro\/?p=1834"},"modified":"2018-01-22T06:04:32","modified_gmt":"2018-01-22T06:04:32","slug":"1834","status":"publish","type":"post","link":"https:\/\/www.rotarytm.ro\/?p=1834","title":{"rendered":"ZIUA UNIT\u0102\u021aII GERMANE"},"content":{"rendered":"<p>ZIUA UNIT\u0102\u021aII GERMANE<\/p>\n<p><img fetchpriority=\"high\" decoding=\"async\" class=\"size-medium wp-image-1933 alignleft\" src=\"http:\/\/www.rotarytm.ro\/wp-content\/uploads\/2018\/01\/Ziua-Unitatii-Germane-300x226.jpg\" alt=\"\" width=\"300\" height=\"226\" srcset=\"https:\/\/www.rotarytm.ro\/wp-content\/uploads\/2018\/01\/Ziua-Unitatii-Germane-300x226.jpg 300w, https:\/\/www.rotarytm.ro\/wp-content\/uploads\/2018\/01\/Ziua-Unitatii-Germane.jpg 335w\" sizes=\"(max-width: 300px) 100vw, 300px\" \/><\/p>\n<p>Ziua unitatii germane sarbatoreste la Timisoara in prezenta E.S. Ralf Krautkraemer. Cu ocazia <a href=\"http:\/\/radioresita.ro\/264742\/ziua-unitatii-germaniei-marcata-la-timisoara-si-resita-2\">Zilei Unit\u0103\u0163ii Germane<\/a>, Consulatul Republicii Federale Germania la Timi\u015foara organizeaz\u0103 mar\u0163i, 3 octombrie de la ora 19.00, la Opera Na\u0163ional\u0103 Rom\u00e2n\u0103 din municipiul de pe Bega, un concert de gal\u0103 urmat de o recep\u0163ie festiv\u0103, oferit\u0103 de Excelen\u0163a Sa, Ralf Krautkraemer \u2013 consulul Republicii Federale Germania la Timi\u015foara.<\/p>\n<p>S\u0103rb\u0103toarea na\u0163ional\u0103 a Germaniei este s\u0103rb\u0103torit\u0103 anual pe 3 octombrie \u015fi a fost adoptat\u0103 cu 27 de ani \u00een urm\u0103 dup\u0103 reunificarea politic\u0103, legislativ\u0103, teritorial\u0103 \u015fi administrativ\u0103 a \u0163\u0103rii, la \u00eent\u00e2i octombrie 1990.<\/p>\n","protected":false},"excerpt":{"rendered":"<p>ZIUA UNIT\u0102\u021aII GERMANE Ziua unitatii germane sarbatoreste la Timisoara in prezenta E.S. Ralf Krautkraemer. Cu ocazia Zilei Unit\u0103\u0163ii Germane, Consulatul Republicii Federale Germania la Timi\u015foara organizeaz\u0103 mar\u0163i, 3 octombrie de la ora 19.00, la Opera Na\u0163ional\u0103 Rom\u00e2n\u0103 din municipiul de&hellip;<\/p>\n","protected":false},"author":1,"featured_media":0,"comment_status":"open","ping_status":"closed","sticky":false,"template":"","format":"standard","meta":{"footnotes":""},"categories":[30,24],"tags":[121,66,39,65],"class_list":["post-1834","post","type-post","status-publish","format-standard","hentry","category-cultura","category-proiecte","tag-opera-nationala-romana","tag-ralf-krautkraemer","tag-rotary-timisoara","tag-ziua-unitatii-germane"],"_links":{"self":[{"href":"https:\/\/www.rotarytm.ro\/index.php?rest_route=\/wp\/v2\/posts\/1834","targetHints":{"allow":["GET"]}}],"collection":[{"href":"https:\/\/www.rotarytm.ro\/index.php?rest_route=\/wp\/v2\/posts"}],"about":[{"href":"https:\/\/www.rotarytm.ro\/index.php?rest_route=\/wp\/v2\/types\/post"}],"author":[{"embeddable":true,"href":"https:\/\/www.rotarytm.ro\/index.php?rest_route=\/wp\/v2\/users\/1"}],"replies":[{"embeddable":true,"href":"https:\/\/www.rotarytm.ro\/index.php?rest_route=%2Fwp%2Fv2%2Fcomments&post=1834"}],"version-history":[{"count":5,"href":"https:\/\/www.rotarytm.ro\/index.php?rest_route=\/wp\/v2\/posts\/1834\/revisions"}],"predecessor-version":[{"id":2090,"href":"https:\/\/www.rotarytm.ro\/index.php?rest_route=\/wp\/v2\/posts\/1834\/revisions\/2090"}],"wp:attachment":[{"href":"https:\/\/www.rotarytm.ro\/index.php?rest_route=%2Fwp%2Fv2%2Fmedia&parent=1834"}],"wp:term":[{"taxonomy":"category","embeddable":true,"href":"https:\/\/www.rotarytm.ro\/index.php?rest_route=%2Fwp%2Fv2%2Fcategories&post=1834"},{"taxonomy":"post_tag","embeddable":true,"href":"https:\/\/www.rotarytm.ro\/index.php?rest_route=%2Fwp%2Fv2%2Ftags&post=1834"}],"curies":[{"name":"wp","href":"https:\/\/api.w.org\/{rel}","templated":true}]}}