{"id":1828,"date":"2017-09-29T07:53:02","date_gmt":"2017-09-29T07:53:02","guid":{"rendered":"http:\/\/www.rotarytm.ro\/?p=1828"},"modified":"2018-01-22T06:03:08","modified_gmt":"2018-01-22T06:03:08","slug":"promenada-inimilor-2017","status":"publish","type":"post","link":"https:\/\/www.rotarytm.ro\/?p=1828","title":{"rendered":"PROMENADA INIMILOR 2017"},"content":{"rendered":"<p>PROMENADA INIMILOR<\/p>\n<p><img decoding=\"async\" class=\"size-medium wp-image-1921 alignleft\" src=\"http:\/\/www.rotarytm.ro\/wp-content\/uploads\/2018\/01\/Promenada-inimilor-300x151.jpg\" alt=\"\" width=\"300\" height=\"151\" srcset=\"https:\/\/www.rotarytm.ro\/wp-content\/uploads\/2018\/01\/Promenada-inimilor-300x151.jpg 300w, https:\/\/www.rotarytm.ro\/wp-content\/uploads\/2018\/01\/Promenada-inimilor.jpg 502w\" sizes=\"(max-width: 300px) 100vw, 300px\" \/><\/p>\n<p>Duminic\u0103 1 octombrie, de la ora 12.00, Cluburile Rotary din Timi\u015foara organizeaz\u0103 \u201cPromenada Inimilor\u201d 2017, coordonator prof. univ. dr. Dan Gai\u0163\u0103, directorul Funda\u0163iei Rom\u00e2ne a Inimii.<\/p>\n<p><b><\/b>Rotary, INIMA MEA. Evenimentul se desf\u0103\u015foar\u0103 sub titulatura \u201c<a href=\"http:\/\/www.ziuadevest.ro\/cluburile-rotary-ii-invita-pe-timisoreni-la-promenada-inimilor-parcul-copiilor\/\">Rotary, Inima Mea<\/a>\u201d \u015fi are loc \u00een Parcul copiilor, cu prilejul Zilei Mondiale a Inimii (29 septembrie!). \u201c\u00cencuraj\u0103m organizarea \u015fi a altor ac\u0163iuni dedicate s\u0103n\u0103t\u0103\u0163ii comunit\u0103\u0163ii \u00een S\u0103pt\u0103m\u00e2na Inimii: 23 septembrie \u2013 1 octombrie!\u201d, este mesajul roatarienilor.<\/p>\n<p>A CINCEA EDI\u021aIE a \u201cPromenadei inimilor\u201d a avut loc, duminic\u0103 1 octombrie, \u00een Parcul copiilor \u0219i \u00een alte 29 ora\u0219e din \u021bar\u0103, cu prilejul Zilei mondiale a inimii 2017. Evenimentul a fost organizat de cluburile Rotary din Timi\u0219oara \u0219i din Districtul 2241 Rom\u00e2nia Republica Moldova.<\/p>\n<p><a href=\"http:\/\/www.rotarytm.ro\/wp-content\/uploads\/2017\/09\/promenada-inimilor1.jpg\"><img decoding=\"async\" class=\"size-full wp-image-2086 alignleft\" src=\"http:\/\/www.rotarytm.ro\/wp-content\/uploads\/2017\/09\/promenada-inimilor1.jpg\" alt=\"\" width=\"169\" height=\"252\" \/><\/a>\u201cS\u0103rb\u0103torim Ziua mondial\u0103 a inimii la nivelul Societ\u0103\u021bii Rom\u00e2ne de Cardiologie \u0219i al Funda\u021biei Rom\u00e2ne a Inimii din 2009, iar ast\u0103zi, manifestarea are loc \u00een 30 de ora\u0219e. Suntem la a cincea edi\u021bie \u0219i vectorul principal de organizare \u00eel reprezint\u0103 cluburile Rotary. Obiectivul este s\u0103 ar\u0103t\u0103m c\u0103, de\u0219i bolile cardio-vasculare sunt foarte frecvente, \u00een propor\u021bie de 80% sunt prevenibile, iar acest fapt \u021bine de fiecare dintre noi, de modul \u00een care avem grij\u0103 de noi \u00een\u0219ine, m\u00e2nc\u00e2nd s\u0103n\u0103tos, f\u0103c\u00e2nd mi\u0219care zilnic, nefum\u00e2nd, dar \u0219i urm\u00e2nd un control periodic la medicul curant. Duminic\u0103 1 octombrie, \u00eencheiem manifest\u0103rile prilejuite de S\u0103pt\u0103m\u00e2na inimii cu Promenada inimilor, organizat\u0103 de rotarienii din Timi\u0219oara \u0219i din \u00eentreaga \u021bar\u0103\u201d, a declarat prof. univ. dr. Dan Gai\u0163\u0103, directorul Funda\u0163iei Rom\u00e2ne a Inimii \u0219i past-president Clubul Rotary Timi\u0219oara. Evenimentul s-a desf\u0103\u015furat sub titulatura \u201cRotary, Inima Mea\u201d cu prilejul Zilei Mondiale a Inimii !<\/p>\n","protected":false},"excerpt":{"rendered":"<p>PROMENADA INIMILOR Duminic\u0103 1 octombrie, de la ora 12.00, Cluburile Rotary din Timi\u015foara organizeaz\u0103 \u201cPromenada Inimilor\u201d 2017, coordonator prof. univ. dr. Dan Gai\u0163\u0103, directorul Funda\u0163iei Rom\u00e2ne a Inimii. Rotary, INIMA MEA. Evenimentul se desf\u0103\u015foar\u0103 sub titulatura \u201cRotary, Inima Mea\u201d \u015fi&hellip;<\/p>\n","protected":false},"author":1,"featured_media":0,"comment_status":"open","ping_status":"closed","sticky":false,"template":"","format":"standard","meta":{"footnotes":""},"categories":[31,24,25],"tags":[120,119,43,39,118],"class_list":["post-1828","post","type-post","status-publish","format-standard","hentry","category-educatie","category-proiecte","category-sanatate","tag-1-octombrie","tag-fundatiei-romane-a-inimii","tag-promenadei-inimilor","tag-rotary-timisoara","tag-ziua-mondiala-a-inimii"],"_links":{"self":[{"href":"https:\/\/www.rotarytm.ro\/index.php?rest_route=\/wp\/v2\/posts\/1828","targetHints":{"allow":["GET"]}}],"collection":[{"href":"https:\/\/www.rotarytm.ro\/index.php?rest_route=\/wp\/v2\/posts"}],"about":[{"href":"https:\/\/www.rotarytm.ro\/index.php?rest_route=\/wp\/v2\/types\/post"}],"author":[{"embeddable":true,"href":"https:\/\/www.rotarytm.ro\/index.php?rest_route=\/wp\/v2\/users\/1"}],"replies":[{"embeddable":true,"href":"https:\/\/www.rotarytm.ro\/index.php?rest_route=%2Fwp%2Fv2%2Fcomments&post=1828"}],"version-history":[{"count":5,"href":"https:\/\/www.rotarytm.ro\/index.php?rest_route=\/wp\/v2\/posts\/1828\/revisions"}],"predecessor-version":[{"id":2088,"href":"https:\/\/www.rotarytm.ro\/index.php?rest_route=\/wp\/v2\/posts\/1828\/revisions\/2088"}],"wp:attachment":[{"href":"https:\/\/www.rotarytm.ro\/index.php?rest_route=%2Fwp%2Fv2%2Fmedia&parent=1828"}],"wp:term":[{"taxonomy":"category","embeddable":true,"href":"https:\/\/www.rotarytm.ro\/index.php?rest_route=%2Fwp%2Fv2%2Fcategories&post=1828"},{"taxonomy":"post_tag","embeddable":true,"href":"https:\/\/www.rotarytm.ro\/index.php?rest_route=%2Fwp%2Fv2%2Ftags&post=1828"}],"curies":[{"name":"wp","href":"https:\/\/api.w.org\/{rel}","templated":true}]}}