{"id":1815,"date":"2017-09-05T06:44:07","date_gmt":"2017-09-05T06:44:07","guid":{"rendered":"http:\/\/www.rotarytm.ro\/?p=1815"},"modified":"2018-01-22T05:45:35","modified_gmt":"2018-01-22T05:45:35","slug":"promovarea-miscarii-cicliste-si-a-conceptului-timisoara-green-city","status":"publish","type":"post","link":"https:\/\/www.rotarytm.ro\/?p=1815","title":{"rendered":"PROMOVAREA MI\u0218C\u0102RII CICLISTE \u0218I A  CONCEPTULUI \u201dTIMI\u0218OARA GREEN CITY\u201d"},"content":{"rendered":"<p>TIMI\u0218OARA GREEN CITY<\/p>\n<p>Dr. Adrian B\u0103descu, pre\u015fedintele Rotary Club Timi\u015foara \u0219i manager al Clinicilor Medicis, ridic\u0103 urm\u0103toarea \u00eentrebare: <a href=\"http:\/\/www.ziuadevest.ro\/dr-adrian-badescu-presedintele-rotary-club-timisoara-ce-este-normal-olanda-si-sub-demnitatea-noastra-timisoara\/\"><b>\u201eCe <\/b><b>este<\/b><b> normal <\/b><b>\u00een<\/b> <b>Olanda<\/b> <b>\u015fi<\/b> <b>este<\/b><b> sub <\/b><b>demnitatea<\/b> <b>noastr\u0103<\/b> <b>\u00een<\/b> <b>Timi\u015foara<\/b><b>?\u201d<\/b><\/a><\/p>\n<p>Venit recent din aceast\u0103 \u0163ar\u0103, dr. B\u0103descu <a href=\"http:\/\/www.rotarytm.ro\/wp-content\/uploads\/2017\/09\/green-city.jpg\"><img decoding=\"async\" class=\"size-full wp-image-2077 alignleft\" src=\"http:\/\/www.rotarytm.ro\/wp-content\/uploads\/2017\/09\/green-city.jpg\" alt=\"\" width=\"169\" height=\"252\" \/><\/a>explic\u0103: \u201cAm avut o \u201cfriendly-disput\u0103\u201d cu un cunoscut om politic din Timi\u0219oara. F\u0103r\u0103 a nega problemele de trafic \u0219i nebunia \u201cmoderniz\u0103rii \u00een for\u021b\u0103\u201d a ora\u0219ului, \u00eentrebarea fireasc\u0103 r\u0103m\u00e2ne totu\u0219i:\u00a0 \u201cC\u00e2t de normali suntem s\u0103 ne pl\u00e2ngem de blocajul de trafic \u0219i de gazele de e\u0219apament, continu\u00e2nd s\u0103 r\u0103m\u00e2nem fixa\u021bi \u00een ma\u0219inile noastre, \u00een loc s\u0103 folosim bicicleta, mersul pe jos \u0219i transportul public?\u201d<\/p>\n<p>Bine\u00een\u021beles c\u0103 avem o mul\u021bime de justific\u0103ri serioase: avem de dus copii la \u0219coal\u0103, plou\u0103, ninge, avem tocuri sau costum, sau este eclips\u0103 de lun\u0103\u2026 Sau poate c\u0103 e sub demnitatea noastr\u0103 s\u0103 mergem cu bicicleta, pe jos sau cu transportul \u00een comun. Doar nu suntem s\u0103r\u0103ntoci f\u0103r\u0103 ma\u0219ini\u2026<\/p>\n<p>Prin compara\u021bie, imaginile de mai jos spun totul despre un alt popor \u0219i despre lipsa lui de<\/p>\n<p><img decoding=\"async\" class=\"size-medium wp-image-1929 alignright\" src=\"http:\/\/www.rotarytm.ro\/wp-content\/uploads\/2018\/01\/Timisoara-green-city-300x158.jpg\" alt=\"\" width=\"300\" height=\"158\" srcset=\"https:\/\/www.rotarytm.ro\/wp-content\/uploads\/2018\/01\/Timisoara-green-city-300x158.jpg 300w, https:\/\/www.rotarytm.ro\/wp-content\/uploads\/2018\/01\/Timisoara-green-city.jpg 482w\" sizes=\"(max-width: 300px) 100vw, 300px\" \/><\/p>\n<p>frustr\u0103ri. Indiferent de ploaie, ninsoare, costumul de business, tocuri sau \u021binuta de fitze\u2026 La ei este super-cool sa mergi pe biciclet\u0103. La noi? Mai avem p\u00e2n\u0103 la maturitatea noastr\u0103 ca popor. Chiar \u0219i la Timi\u0219oara\u2026 !!!\u201d, sus\u0163ine dr. B\u0103descu.<\/p>\n","protected":false},"excerpt":{"rendered":"<p>TIMI\u0218OARA GREEN CITY Dr. Adrian B\u0103descu, pre\u015fedintele Rotary Club Timi\u015foara \u0219i manager al Clinicilor Medicis, ridic\u0103 urm\u0103toarea \u00eentrebare: \u201eCe este normal \u00een Olanda \u015fi este sub demnitatea noastr\u0103 \u00een Timi\u015foara?\u201d Venit recent din aceast\u0103 \u0163ar\u0103, dr. B\u0103descu explic\u0103: \u201cAm avut&hellip;<\/p>\n","protected":false},"author":1,"featured_media":0,"comment_status":"open","ping_status":"closed","sticky":false,"template":"","format":"standard","meta":{"footnotes":""},"categories":[24,26,27],"tags":[61,39,60],"class_list":["post-1815","post","type-post","status-publish","format-standard","hentry","category-proiecte","category-social","category-sport","tag-adrian-badescu","tag-rotary-timisoara","tag-timisoara-green-city"],"_links":{"self":[{"href":"https:\/\/www.rotarytm.ro\/index.php?rest_route=\/wp\/v2\/posts\/1815","targetHints":{"allow":["GET"]}}],"collection":[{"href":"https:\/\/www.rotarytm.ro\/index.php?rest_route=\/wp\/v2\/posts"}],"about":[{"href":"https:\/\/www.rotarytm.ro\/index.php?rest_route=\/wp\/v2\/types\/post"}],"author":[{"embeddable":true,"href":"https:\/\/www.rotarytm.ro\/index.php?rest_route=\/wp\/v2\/users\/1"}],"replies":[{"embeddable":true,"href":"https:\/\/www.rotarytm.ro\/index.php?rest_route=%2Fwp%2Fv2%2Fcomments&post=1815"}],"version-history":[{"count":5,"href":"https:\/\/www.rotarytm.ro\/index.php?rest_route=\/wp\/v2\/posts\/1815\/revisions"}],"predecessor-version":[{"id":2078,"href":"https:\/\/www.rotarytm.ro\/index.php?rest_route=\/wp\/v2\/posts\/1815\/revisions\/2078"}],"wp:attachment":[{"href":"https:\/\/www.rotarytm.ro\/index.php?rest_route=%2Fwp%2Fv2%2Fmedia&parent=1815"}],"wp:term":[{"taxonomy":"category","embeddable":true,"href":"https:\/\/www.rotarytm.ro\/index.php?rest_route=%2Fwp%2Fv2%2Fcategories&post=1815"},{"taxonomy":"post_tag","embeddable":true,"href":"https:\/\/www.rotarytm.ro\/index.php?rest_route=%2Fwp%2Fv2%2Ftags&post=1815"}],"curies":[{"name":"wp","href":"https:\/\/api.w.org\/{rel}","templated":true}]}}