{"id":1592,"date":"2015-03-11T15:11:08","date_gmt":"2015-03-11T15:11:08","guid":{"rendered":"http:\/\/new.rotarytm.ro\/?p=1592"},"modified":"2017-04-24T17:20:04","modified_gmt":"2017-04-24T17:20:04","slug":"timotion-timisoara-se-misca-un-maraton-destinat-promovarii-vietii-sanatoase-organizat-de-rotarieni","status":"publish","type":"post","link":"https:\/\/www.rotarytm.ro\/?p=1592","title":{"rendered":"Timotion -Timi\u015foara se mi\u015fc\u0103 &#8211; un maraton destinat promov\u0103rii vie\u0163ii s\u0103n\u0103toase, organizat de rotarieni"},"content":{"rendered":"<p><a href=\"http:\/\/www.rotarytm.ro\/wp-content\/uploads\/2016\/06\/marti_seara_cluburile_rotari_la_CJT_DSCF1479.jpg\"><img fetchpriority=\"high\" decoding=\"async\" class=\"alignnone wp-image-1598 size-medium\" src=\"http:\/\/www.rotarytm.ro\/wp-content\/uploads\/2016\/06\/marti_seara_cluburile_rotari_la_CJT_DSCF1479-300x225.jpg\" alt=\"\" width=\"300\" height=\"225\" srcset=\"https:\/\/www.rotarytm.ro\/wp-content\/uploads\/2016\/06\/marti_seara_cluburile_rotari_la_CJT_DSCF1479-300x225.jpg 300w, https:\/\/www.rotarytm.ro\/wp-content\/uploads\/2016\/06\/marti_seara_cluburile_rotari_la_CJT_DSCF1479.jpg 600w\" sizes=\"(max-width: 300px) 100vw, 300px\" \/><\/a>Cluburile Rotary din Timi\u015f s-au \u00eent\u00e2lnit, mar\u0163i 10 martie, de la ora 19, \u00een Sala Multifun\u0163ional\u0103 a Consiliului Jude\u0163ean Timi\u015f. Gazda evenimentului a fost Rotary Timi\u015foara Oper\u0103.<br \/>\nCu acest prilej, a fost lansat, \u00een premier\u0103, proiectul caritativ-sportiv Timotion \u2013Timi\u015foara se mi\u015fc\u0103, un maraton destinat promov\u0103rii unei vie\u0163i s\u0103n\u0103toase prin sport, \u00een Timi\u015foara, ce va avea loc \u00een 25 aprilie. De asemenea, a fost prezentat \u015fi proiectul, privind renovarea Unit\u0103\u0163ii de Primiri Urgen\u0163\u0103 din cadrul Spitalului de Maxilo Faciale Timi\u015foara.<br \/>\n&#8220;M\u0103 bucur c\u0103 tradi\u0163ia se continu\u0103, c\u0103 avem la aceea\u015fi mas\u0103 cluburile Rotary din jude\u0163ul Timi\u015f \u015fi c\u0103 rotarienii \u015fi-au dat seama c\u0103 numai \u00eempreun\u0103 putem face proiecte de mare succes. Sunt multe probleme de rezolvat \u015fi nu cred c\u0103 se pune problema de competi\u0163ie. Av\u00e2nd \u00eenc\u0103 proaspete \u00een memorie frumoasele \u00eent\u00e2lniri g\u0103zduite de Cluburile Rotary Timi\u015foara, Timi\u015foara Cetate \u015fi Timi\u015foara Ripensis, noi, Rotary Timi\u015foara Opera, avem deosebita onoare de a fi gazdele dumneavoastr\u0103\u00a0 \u00een aceast\u0103 sear\u0103. Poate \u015fi la anul aceast\u0103 tradi\u0163ie s\u0103 continue. Suntem un model pentru districtul nostru \u015fi sper s\u0103 r\u0103m\u00e2nem \u00een continuare un model\u201d, a declarat Cristian Br\u0103iloiu, pre\u015fedintele 2014-2015 al Rotary Club Timi\u015foara Opera.<br \/>\nCristi Jurji, Asistent Guvernator, a atras aten\u0163ia c\u0103 luna martie este destinat\u0103 proiectelor de alfabetizare \u00een \u00eentreaga lume, a\u015fadar este nevoie ca \u015fi rotarienii s\u0103 pun\u0103 \u00een practic\u0103 activit\u0103\u0163i de sprijin al \u015fcolii.<br \/>\n\u201cTrebuie s\u0103 amintim c\u0103 \u015fi \u00een Rom\u00e2nia suferim la acest aspect. Conform statisticilor, 6% din popula\u0163ia \u0163\u0103rii noastre este analfabet\u0103 \u015fi peste 100.000 de copii nu particip\u0103 la \u015fcoal\u0103. S\u0103r\u0103cia este una dintre cauze. A\u015f vrea ca la nivel na\u0163ional s\u0103 implement\u0103m activit\u0103\u0163i de sprijin al \u015fcolii. Vreau s\u0103 mai spun c\u0103 acest proiect al \u00eent\u00e2lnirilor comune va fi extins \u015fi \u00een alte ora\u015fe unde activeaz\u0103 Cluburile Rotary\u201d, a spus Jurji. La eveniment au participat \u015fi colegii de la Rotary Szeged, care au \u015fi \u0163inut o prezentare \u00een final.<\/p>\n","protected":false},"excerpt":{"rendered":"<p>Cluburile Rotary din Timi\u015f s-au \u00eent\u00e2lnit, mar\u0163i 10 martie, de la ora 19, \u00een Sala Multifun\u0163ional\u0103 a Consiliului Jude\u0163ean Timi\u015f. Gazda evenimentului a fost Rotary Timi\u015foara Oper\u0103. Cu acest prilej, a fost lansat, \u00een premier\u0103, proiectul caritativ-sportiv Timotion \u2013Timi\u015foara se&hellip;<\/p>\n","protected":false},"author":1,"featured_media":0,"comment_status":"open","ping_status":"closed","sticky":false,"template":"","format":"standard","meta":{"footnotes":""},"categories":[18,19,24,25,27],"tags":[],"class_list":["post-1592","post","type-post","status-publish","format-standard","hentry","category-actiuni","category-club","category-proiecte","category-sanatate","category-sport"],"_links":{"self":[{"href":"https:\/\/www.rotarytm.ro\/index.php?rest_route=\/wp\/v2\/posts\/1592","targetHints":{"allow":["GET"]}}],"collection":[{"href":"https:\/\/www.rotarytm.ro\/index.php?rest_route=\/wp\/v2\/posts"}],"about":[{"href":"https:\/\/www.rotarytm.ro\/index.php?rest_route=\/wp\/v2\/types\/post"}],"author":[{"embeddable":true,"href":"https:\/\/www.rotarytm.ro\/index.php?rest_route=\/wp\/v2\/users\/1"}],"replies":[{"embeddable":true,"href":"https:\/\/www.rotarytm.ro\/index.php?rest_route=%2Fwp%2Fv2%2Fcomments&post=1592"}],"version-history":[{"count":2,"href":"https:\/\/www.rotarytm.ro\/index.php?rest_route=\/wp\/v2\/posts\/1592\/revisions"}],"predecessor-version":[{"id":1736,"href":"https:\/\/www.rotarytm.ro\/index.php?rest_route=\/wp\/v2\/posts\/1592\/revisions\/1736"}],"wp:attachment":[{"href":"https:\/\/www.rotarytm.ro\/index.php?rest_route=%2Fwp%2Fv2%2Fmedia&parent=1592"}],"wp:term":[{"taxonomy":"category","embeddable":true,"href":"https:\/\/www.rotarytm.ro\/index.php?rest_route=%2Fwp%2Fv2%2Fcategories&post=1592"},{"taxonomy":"post_tag","embeddable":true,"href":"https:\/\/www.rotarytm.ro\/index.php?rest_route=%2Fwp%2Fv2%2Ftags&post=1592"}],"curies":[{"name":"wp","href":"https:\/\/api.w.org\/{rel}","templated":true}]}}